{"id":188,"date":"2018-04-10T18:51:07","date_gmt":"2018-04-10T16:51:07","guid":{"rendered":"http:\/\/www.sukow764.szdw.kielce.com.pl\/?p=188"},"modified":"2018-04-11T03:37:25","modified_gmt":"2018-04-11T01:37:25","slug":"zmiany-w-organizacji-ruchu","status":"publish","type":"post","link":"http:\/\/www.sukow764.szdw.kielce.com.pl\/?p=188","title":{"rendered":"Zmiany w organizacji ruchu"},"content":{"rendered":"<p>Od dnia 17.04.2018 r. zostaje wprowadzona czasowa organizacja ruchu na odcinku Niwy &#8211; \u0141ukawa. W zwi\u0105zku z wy\u0142\u0105czeniem odcinka z ruchu objazdy b\u0119d\u0105 prowadzone drogami powiatowymi nr 0332T, 0337T, drog\u0105 krajow\u0105 nr 74 oraz drog\u0105 wojew\u00f3dzk\u0105 nr 765. Dla miejscowo\u015bci Cis\u00f3w i \u0141ukawa objazd b\u0119dzie prowadzony drog\u0105 powiatow\u0105 nr 0350T do miejscowo\u015bci Korzenno. Trasa objazdu zgodnie z za\u0142\u0105czonym planem sytuacyjnym.<br \/>\n<a href=\"http:\/\/www.sukow764.szdw.kielce.com.pl\/wp-content\/uploads\/2018\/04\/065_2D6Y_KZ_2018-3.jpg\"><img loading=\"lazy\" decoding=\"async\" class=\"alignleft wp-image-189 size-medium\" src=\"http:\/\/www.sukow764.szdw.kielce.com.pl\/wp-content\/uploads\/2018\/04\/065_2D6Y_KZ_2018-3-300x212.jpg\" alt=\"\" width=\"300\" height=\"212\" srcset=\"http:\/\/www.sukow764.szdw.kielce.com.pl\/wp-content\/uploads\/2018\/04\/065_2D6Y_KZ_2018-3-300x212.jpg 300w, http:\/\/www.sukow764.szdw.kielce.com.pl\/wp-content\/uploads\/2018\/04\/065_2D6Y_KZ_2018-3-768x543.jpg 768w, http:\/\/www.sukow764.szdw.kielce.com.pl\/wp-content\/uploads\/2018\/04\/065_2D6Y_KZ_2018-3-1024x724.jpg 1024w, http:\/\/www.sukow764.szdw.kielce.com.pl\/wp-content\/uploads\/2018\/04\/065_2D6Y_KZ_2018-3-566x400.jpg 566w\" sizes=\"auto, (max-width: 300px) 100vw, 300px\" \/><\/a><\/p>\n","protected":false},"excerpt":{"rendered":"<p>Od dnia 17.04.2018 r. zostaje wprowadzona czasowa organizacja ruchu na odcinku Niwy &#8211; \u0141ukawa. W zwi\u0105zku z wy\u0142\u0105czeniem odcinka z ruchu objazdy b\u0119d\u0105 prowadzone drogami powiatowymi nr 0332T, 0337T, drog\u0105 krajow\u0105 nr 74 oraz drog\u0105 wojew\u00f3dzk\u0105 nr 765. Dla miejscowo\u015bci Cis\u00f3w i \u0141ukawa objazd b\u0119dzie prowadzony drog\u0105 powiatow\u0105 nr 0350T &hellip;<\/p>\n","protected":false},"author":2,"featured_media":0,"comment_status":"closed","ping_status":"open","sticky":false,"template":"","format":"standard","meta":{"footnotes":""},"categories":[1],"tags":[],"class_list":["post-188","post","type-post","status-publish","format-standard","hentry","category-aktualnosci"],"_links":{"self":[{"href":"http:\/\/www.sukow764.szdw.kielce.com.pl\/index.php?rest_route=\/wp\/v2\/posts\/188","targetHints":{"allow":["GET"]}}],"collection":[{"href":"http:\/\/www.sukow764.szdw.kielce.com.pl\/index.php?rest_route=\/wp\/v2\/posts"}],"about":[{"href":"http:\/\/www.sukow764.szdw.kielce.com.pl\/index.php?rest_route=\/wp\/v2\/types\/post"}],"author":[{"embeddable":true,"href":"http:\/\/www.sukow764.szdw.kielce.com.pl\/index.php?rest_route=\/wp\/v2\/users\/2"}],"replies":[{"embeddable":true,"href":"http:\/\/www.sukow764.szdw.kielce.com.pl\/index.php?rest_route=%2Fwp%2Fv2%2Fcomments&post=188"}],"version-history":[{"count":4,"href":"http:\/\/www.sukow764.szdw.kielce.com.pl\/index.php?rest_route=\/wp\/v2\/posts\/188\/revisions"}],"predecessor-version":[{"id":193,"href":"http:\/\/www.sukow764.szdw.kielce.com.pl\/index.php?rest_route=\/wp\/v2\/posts\/188\/revisions\/193"}],"wp:attachment":[{"href":"http:\/\/www.sukow764.szdw.kielce.com.pl\/index.php?rest_route=%2Fwp%2Fv2%2Fmedia&parent=188"}],"wp:term":[{"taxonomy":"category","embeddable":true,"href":"http:\/\/www.sukow764.szdw.kielce.com.pl\/index.php?rest_route=%2Fwp%2Fv2%2Fcategories&post=188"},{"taxonomy":"post_tag","embeddable":true,"href":"http:\/\/www.sukow764.szdw.kielce.com.pl\/index.php?rest_route=%2Fwp%2Fv2%2Ftags&post=188"}],"curies":[{"name":"wp","href":"https:\/\/api.w.org\/{rel}","templated":true}]}}