{"id":196,"date":"2018-04-19T11:10:17","date_gmt":"2018-04-19T09:10:17","guid":{"rendered":"http:\/\/www.sukow764.szdw.kielce.com.pl\/?p=196"},"modified":"2018-04-20T08:56:34","modified_gmt":"2018-04-20T06:56:34","slug":"zmiany-w-organizacji-ruchu-2","status":"publish","type":"post","link":"http:\/\/www.sukow764.szdw.kielce.com.pl\/?p=196","title":{"rendered":"Zmiany w organizacji ruchu &#8211; 23.04.2018r."},"content":{"rendered":"<p>W zwi\u0105zku z planowanym od 23.04.2018 r. wprowadzeniem czasowej organizacji ruchu na odcinku DW 764, zamkni\u0119ty dla ruchu wszystkich pojazd\u00f3w b\u0119dzie odcinek od km 8+740( tj od skrzy\u017cowania z DP 0331T na Niestach\u00f3w) do km 9+600 . Dla zamkni\u0119tego odcinka zaprojektowano nast\u0119puj\u0105ce objazdy:<br \/>\n1. Dla kierunku od Kielc do Daleszyc &#8211; od m. Suk\u00f3w drog\u0105 powiatow\u0105 DP 0335T do m. Bork\u00f3w, a nast\u0119pnie drog\u0105 powiatow\u0105 DP 0322T do m.Daleszyce.<br \/>\n2. Dla kierunku od Daleszyc do Kielc drog\u0105 powiatow\u0105 DP 0322T do m. Bork\u00f3w i drog\u0105 powiatow\u0105 DP 0335T do m. Suk\u00f3w.<\/p>\n<p>Dodatkowo dla pojazd\u00f3w &lt;8t wyznaczono objazd od strony Daleszyc drog\u0105 gminn\u0105 319007T od m. Kran\u00f3w do drogi powiatowej nr DP 0332T do m. S\u0142opiec Rz\u0105dowy.<br \/>\nW zwi\u0105zku z zamkni\u0119ciem skrzy\u017cowania DP 0331T z DW 764 lokalny ruch na kierunku Niestach\u00f3w-Suk\u00f3w i Kran\u00f3w odbywa\u0107 si\u0119 bedzie drog\u0105 powiatow\u0105 nr 0329T.<\/p>\n<p>Zamkni\u0119cie obejmuje r\u00f3wnie\u017c odcinek\u00a0od km \u00a06+450 do km 8+740<\/p>\n<p><a href=\"http:\/\/www.sukow764.szdw.kielce.com.pl\/wp-content\/uploads\/2018\/04\/zor_2018-04-19.1.jpg\"><img loading=\"lazy\" decoding=\"async\" class=\"alignleft size-medium wp-image-201\" src=\"http:\/\/www.sukow764.szdw.kielce.com.pl\/wp-content\/uploads\/2018\/04\/zor_2018-04-19.1-300x212.jpg\" alt=\"\" width=\"300\" height=\"212\" srcset=\"http:\/\/www.sukow764.szdw.kielce.com.pl\/wp-content\/uploads\/2018\/04\/zor_2018-04-19.1-300x212.jpg 300w, http:\/\/www.sukow764.szdw.kielce.com.pl\/wp-content\/uploads\/2018\/04\/zor_2018-04-19.1-768x543.jpg 768w, http:\/\/www.sukow764.szdw.kielce.com.pl\/wp-content\/uploads\/2018\/04\/zor_2018-04-19.1-1024x724.jpg 1024w, http:\/\/www.sukow764.szdw.kielce.com.pl\/wp-content\/uploads\/2018\/04\/zor_2018-04-19.1-566x400.jpg 566w\" sizes=\"auto, (max-width: 300px) 100vw, 300px\" \/><\/a> <a href=\"http:\/\/www.sukow764.szdw.kielce.com.pl\/wp-content\/uploads\/2018\/04\/zor_2018-04-19.jpg\"><img loading=\"lazy\" decoding=\"async\" class=\"alignleft size-medium wp-image-197\" src=\"http:\/\/www.sukow764.szdw.kielce.com.pl\/wp-content\/uploads\/2018\/04\/zor_2018-04-19-300x212.jpg\" alt=\"\" width=\"300\" height=\"212\" srcset=\"http:\/\/www.sukow764.szdw.kielce.com.pl\/wp-content\/uploads\/2018\/04\/zor_2018-04-19-300x212.jpg 300w, http:\/\/www.sukow764.szdw.kielce.com.pl\/wp-content\/uploads\/2018\/04\/zor_2018-04-19-768x543.jpg 768w, http:\/\/www.sukow764.szdw.kielce.com.pl\/wp-content\/uploads\/2018\/04\/zor_2018-04-19-1024x724.jpg 1024w, http:\/\/www.sukow764.szdw.kielce.com.pl\/wp-content\/uploads\/2018\/04\/zor_2018-04-19-566x400.jpg 566w\" sizes=\"auto, (max-width: 300px) 100vw, 300px\" \/><\/a><\/p>\n","protected":false},"excerpt":{"rendered":"<p>W zwi\u0105zku z planowanym od 23.04.2018 r. wprowadzeniem czasowej organizacji ruchu na odcinku DW 764, zamkni\u0119ty dla ruchu wszystkich pojazd\u00f3w b\u0119dzie odcinek od km 8+740( tj od skrzy\u017cowania z DP 0331T na Niestach\u00f3w) do km 9+600 . Dla zamkni\u0119tego odcinka zaprojektowano nast\u0119puj\u0105ce objazdy: 1. Dla kierunku od Kielc do Daleszyc &hellip;<\/p>\n","protected":false},"author":2,"featured_media":0,"comment_status":"closed","ping_status":"open","sticky":false,"template":"","format":"standard","meta":{"footnotes":""},"categories":[1],"tags":[],"class_list":["post-196","post","type-post","status-publish","format-standard","hentry","category-aktualnosci"],"_links":{"self":[{"href":"http:\/\/www.sukow764.szdw.kielce.com.pl\/index.php?rest_route=\/wp\/v2\/posts\/196","targetHints":{"allow":["GET"]}}],"collection":[{"href":"http:\/\/www.sukow764.szdw.kielce.com.pl\/index.php?rest_route=\/wp\/v2\/posts"}],"about":[{"href":"http:\/\/www.sukow764.szdw.kielce.com.pl\/index.php?rest_route=\/wp\/v2\/types\/post"}],"author":[{"embeddable":true,"href":"http:\/\/www.sukow764.szdw.kielce.com.pl\/index.php?rest_route=\/wp\/v2\/users\/2"}],"replies":[{"embeddable":true,"href":"http:\/\/www.sukow764.szdw.kielce.com.pl\/index.php?rest_route=%2Fwp%2Fv2%2Fcomments&post=196"}],"version-history":[{"count":4,"href":"http:\/\/www.sukow764.szdw.kielce.com.pl\/index.php?rest_route=\/wp\/v2\/posts\/196\/revisions"}],"predecessor-version":[{"id":202,"href":"http:\/\/www.sukow764.szdw.kielce.com.pl\/index.php?rest_route=\/wp\/v2\/posts\/196\/revisions\/202"}],"wp:attachment":[{"href":"http:\/\/www.sukow764.szdw.kielce.com.pl\/index.php?rest_route=%2Fwp%2Fv2%2Fmedia&parent=196"}],"wp:term":[{"taxonomy":"category","embeddable":true,"href":"http:\/\/www.sukow764.szdw.kielce.com.pl\/index.php?rest_route=%2Fwp%2Fv2%2Fcategories&post=196"},{"taxonomy":"post_tag","embeddable":true,"href":"http:\/\/www.sukow764.szdw.kielce.com.pl\/index.php?rest_route=%2Fwp%2Fv2%2Ftags&post=196"}],"curies":[{"name":"wp","href":"https:\/\/api.w.org\/{rel}","templated":true}]}}